{"id":83090,"date":"2018-01-19T00:40:29","date_gmt":"2018-01-19T05:40:29","guid":{"rendered":"http:\/\/www.wend.ca\/?p=83090"},"modified":"2021-12-29T20:26:31","modified_gmt":"2021-12-30T01:26:31","slug":"a-trip-to-sainte-therese-de-blainville","status":"publish","type":"post","link":"https:\/\/wend.ca\/?p=83090","title":{"rendered":"A Trip to Sainte-Th\u00e9r\u00e8se-de-Blainville"},"content":{"rendered":"<p>I haven&#8217;t seen the inside of an airplane in what feels like a very long time (in reality it&#8217;s only been a few months). I&#8217;m ok with that. For now, I happily get into my Jeep and drive to little small town destinations around Montr\u00e9al.<\/p>\n<p>This destination was an accidental discovery. While in Blainville for a swim meet I found myself with lots of time to kill. Rather than stay at the pool, I looked for an interesting place to hang out and I found an online reference to an old nunnery.<\/p>\n<h3>The CEGEP<\/h3>\n<p>The history of the &#8220;nunnery&#8221; is elusive; this building hides its mysteries in multiple languages. I&#8217;m not sure if it was actually ever a nunnery&#8230; perhaps. It looks like a school and its history is that of a school. <\/p>\n<p><img loading=\"lazy\" decoding=\"async\" src=\"https:\/\/wend.ca\/wp-content\/uploads\/2018\/02\/sm-seminary-ste-therese.jpg\" alt=\"\" width=\"759\" height=\"450\" class=\"aligncenter size-full wp-image-83665\" srcset=\"https:\/\/wend.ca\/wp-content\/uploads\/2018\/02\/sm-seminary-ste-therese.jpg 759w, https:\/\/wend.ca\/wp-content\/uploads\/2018\/02\/sm-seminary-ste-therese-595x353.jpg 595w, https:\/\/wend.ca\/wp-content\/uploads\/2018\/02\/sm-seminary-ste-therese-300x178.jpg 300w, https:\/\/wend.ca\/wp-content\/uploads\/2018\/02\/sm-seminary-ste-therese-600x356.jpg 600w\" sizes=\"auto, (max-width: 759px) 100vw, 759px\" \/><\/p>\n<p>In the early 1800s, the state of Qu\u00e9bec&#8217;s educational system was in tatters and the population mostly illiterate. The Protestant <em>l&#8217;Institution Royale<\/em> system implemented by the Government was subpar and rejected by the Catholic Qu\u00e9b\u00e9cois; the Education Act of 1801 and a fear of a Protestant takeover of the province made things worse. <\/p>\n<p>In response, a Roman Catholic priest named Charles-Joseph Ducharme founded the <em>Petit S\u00e9minaire de Sainte-Th\u00e9r\u00e8se<\/em> in Blainville in an attempt to improve education. His main objective was to prepare boys for the priesthood&#8230; with a second goal of using the S\u00e9minaire to find young Catholic school teachers who could help revamp the primary education system. <\/p>\n<p>I can&#8217;t tell if the original building (or some form) dates from this period in time. The &#8220;nunnery&#8221; tag may come from the 1840s. The S\u00e9minaire started educating boys; but, in 1847, nuns were sent from Montr\u00e9al to build a girl&#8217;s education system.<\/p>\n<div id='gallery-1' class='gallery galleryid-83090 gallery-columns-4 gallery-size-thumbnail'><figure class='gallery-item'>\n\t\t\t<div class='gallery-icon landscape'>\n\t\t\t\t<a href='https:\/\/wend.ca\/?attachment_id=83091'><img loading=\"lazy\" decoding=\"async\" width=\"300\" height=\"300\" src=\"https:\/\/wend.ca\/wp-content\/uploads\/2017\/12\/sm-2017-12-02-08.52.04-400x400.jpg\" class=\"attachment-thumbnail size-thumbnail\" alt=\"\" \/><\/a>\n\t\t\t<\/div><\/figure><figure class='gallery-item'>\n\t\t\t<div class='gallery-icon landscape'>\n\t\t\t\t<a href='https:\/\/wend.ca\/?attachment_id=83092'><img loading=\"lazy\" decoding=\"async\" width=\"300\" height=\"300\" src=\"https:\/\/wend.ca\/wp-content\/uploads\/2017\/12\/sm-2017-12-02-08.52.10-400x400.jpg\" class=\"attachment-thumbnail size-thumbnail\" alt=\"\" \/><\/a>\n\t\t\t<\/div><\/figure><figure class='gallery-item'>\n\t\t\t<div class='gallery-icon landscape'>\n\t\t\t\t<a href='https:\/\/wend.ca\/?attachment_id=83093'><img loading=\"lazy\" decoding=\"async\" width=\"300\" height=\"300\" src=\"https:\/\/wend.ca\/wp-content\/uploads\/2017\/12\/sm-2017-12-02-08.52.20-400x400.jpg\" class=\"attachment-thumbnail size-thumbnail\" alt=\"\" \/><\/a>\n\t\t\t<\/div><\/figure><figure class='gallery-item'>\n\t\t\t<div class='gallery-icon landscape'>\n\t\t\t\t<a href='https:\/\/wend.ca\/?attachment_id=83094'><img loading=\"lazy\" decoding=\"async\" width=\"300\" height=\"300\" src=\"https:\/\/wend.ca\/wp-content\/uploads\/2017\/12\/sm-2017-12-02-08.54.13-400x400.jpg\" class=\"attachment-thumbnail size-thumbnail\" alt=\"\" \/><\/a>\n\t\t\t<\/div><\/figure><figure class='gallery-item'>\n\t\t\t<div class='gallery-icon landscape'>\n\t\t\t\t<a href='https:\/\/wend.ca\/?attachment_id=83096'><img loading=\"lazy\" decoding=\"async\" width=\"300\" height=\"300\" src=\"https:\/\/wend.ca\/wp-content\/uploads\/2017\/12\/sm-2017-12-02-08.54.42-400x400.jpg\" class=\"attachment-thumbnail size-thumbnail\" alt=\"\" \/><\/a>\n\t\t\t<\/div><\/figure><figure class='gallery-item'>\n\t\t\t<div class='gallery-icon landscape'>\n\t\t\t\t<a href='https:\/\/wend.ca\/?attachment_id=83661'><img loading=\"lazy\" decoding=\"async\" width=\"300\" height=\"300\" src=\"https:\/\/wend.ca\/wp-content\/uploads\/2018\/02\/sm-2017-12-02-08.54.29-400x400.jpg\" class=\"attachment-thumbnail size-thumbnail\" alt=\"\" \/><\/a>\n\t\t\t<\/div><\/figure>\n\t\t<\/div>\n\n<p>The current gothic architecture building dates from the 1880s. In 1881, a fire destroyed the Seminary; it was rebuilt by 1883. Now, the building is a part of the CEGEP (Coll\u00e8ge Lionel-Groulx) network. <\/p>\n<p>The gothic church across the street (Sainte-Th\u00e9r\u00e8se-d&#8217;Avila) makes the two buildings look like they are part of a matching set&#8230; it was built between 1885 and 1887.<\/p>\n<h3>Les Allum\u00e9es<\/h3>\n<p>Down the street is a cute little main strip with a great cafe, small shops, and a Christmas market.<\/p>\n<p>The coffee shop (Les Allum\u00e9es) is a gathering place and while the town moves at a snail&#8217;s pace on the weekend, the cafe buzzes with activity and people. Families stop for breakfast and to enjoy a round of board games (there is a closet full of games). Friends meet to chat about their week and share stories. <\/p>\n<div id='gallery-2' class='gallery galleryid-83090 gallery-columns-3 gallery-size-thumbnail'><figure class='gallery-item'>\n\t\t\t<div class='gallery-icon landscape'>\n\t\t\t\t<a href='https:\/\/wend.ca\/?attachment_id=83651'><img loading=\"lazy\" decoding=\"async\" width=\"300\" height=\"300\" src=\"https:\/\/wend.ca\/wp-content\/uploads\/2018\/02\/sm2-2017-12-02-09.25.49-400x400.jpg\" class=\"attachment-thumbnail size-thumbnail\" alt=\"\" \/><\/a>\n\t\t\t<\/div><\/figure><figure class='gallery-item'>\n\t\t\t<div class='gallery-icon landscape'>\n\t\t\t\t<a href='https:\/\/wend.ca\/?attachment_id=83652'><img loading=\"lazy\" decoding=\"async\" width=\"300\" height=\"300\" src=\"https:\/\/wend.ca\/wp-content\/uploads\/2018\/02\/sm2-2017-12-02-09.31.34-400x400.jpg\" class=\"attachment-thumbnail size-thumbnail\" alt=\"\" \/><\/a>\n\t\t\t<\/div><\/figure><figure class='gallery-item'>\n\t\t\t<div class='gallery-icon landscape'>\n\t\t\t\t<a href='https:\/\/wend.ca\/?attachment_id=83650'><img loading=\"lazy\" decoding=\"async\" width=\"300\" height=\"300\" src=\"https:\/\/wend.ca\/wp-content\/uploads\/2018\/02\/sm2-2017-12-02-09.23.31-400x400.jpg\" class=\"attachment-thumbnail size-thumbnail\" alt=\"\" \/><\/a>\n\t\t\t<\/div><\/figure><figure class='gallery-item'>\n\t\t\t<div class='gallery-icon landscape'>\n\t\t\t\t<a href='https:\/\/wend.ca\/?attachment_id=83649'><img loading=\"lazy\" decoding=\"async\" width=\"300\" height=\"300\" src=\"https:\/\/wend.ca\/wp-content\/uploads\/2018\/02\/sm2-2017-12-02-09.17.09-400x400.jpg\" class=\"attachment-thumbnail size-thumbnail\" alt=\"\" \/><\/a>\n\t\t\t<\/div><\/figure><figure class='gallery-item'>\n\t\t\t<div class='gallery-icon landscape'>\n\t\t\t\t<a href='https:\/\/wend.ca\/?attachment_id=83663'><img loading=\"lazy\" decoding=\"async\" width=\"300\" height=\"300\" src=\"https:\/\/wend.ca\/wp-content\/uploads\/2018\/02\/sm-2017-12-02-09.03.12-400x400.jpg\" class=\"attachment-thumbnail size-thumbnail\" alt=\"\" \/><\/a>\n\t\t\t<\/div><\/figure><figure class='gallery-item'>\n\t\t\t<div class='gallery-icon landscape'>\n\t\t\t\t<a href='https:\/\/wend.ca\/?attachment_id=83664'><img loading=\"lazy\" decoding=\"async\" width=\"300\" height=\"300\" src=\"https:\/\/wend.ca\/wp-content\/uploads\/2018\/02\/sm-2017-12-02-09.14.14-400x400.jpg\" class=\"attachment-thumbnail size-thumbnail\" alt=\"\" \/><\/a>\n\t\t\t<\/div><\/figure>\n\t\t<\/div>\n\n","protected":false},"excerpt":{"rendered":"<div class=\"entry-summary\">\nI haven&#8217;t seen the inside of an airplane in what feels like&hellip;\n<\/div>\n<div class=\"link-more\"><a href=\"https:\/\/wend.ca\/?p=83090\" class=\"more-link\">Continue reading<span class=\"screen-reader-text\"> &ldquo;A Trip to Sainte-Th\u00e9r\u00e8se-de-Blainville&rdquo;<\/span>&hellip;<\/a><\/div>\n","protected":false},"author":1,"featured_media":83662,"comment_status":"open","ping_status":"open","sticky":false,"template":"","format":"standard","meta":{"footnotes":""},"categories":[699,16,145],"tags":[698],"class_list":["post-83090","post","type-post","status-publish","format-standard","has-post-thumbnail","hentry","category-blainville","category-canada","category-quebec","tag-uniquely-quebec","entry"],"aioseo_notices":[],"amp_enabled":true,"_links":{"self":[{"href":"https:\/\/wend.ca\/index.php?rest_route=\/wp\/v2\/posts\/83090","targetHints":{"allow":["GET"]}}],"collection":[{"href":"https:\/\/wend.ca\/index.php?rest_route=\/wp\/v2\/posts"}],"about":[{"href":"https:\/\/wend.ca\/index.php?rest_route=\/wp\/v2\/types\/post"}],"author":[{"embeddable":true,"href":"https:\/\/wend.ca\/index.php?rest_route=\/wp\/v2\/users\/1"}],"replies":[{"embeddable":true,"href":"https:\/\/wend.ca\/index.php?rest_route=%2Fwp%2Fv2%2Fcomments&post=83090"}],"version-history":[{"count":45,"href":"https:\/\/wend.ca\/index.php?rest_route=\/wp\/v2\/posts\/83090\/revisions"}],"predecessor-version":[{"id":94640,"href":"https:\/\/wend.ca\/index.php?rest_route=\/wp\/v2\/posts\/83090\/revisions\/94640"}],"wp:featuredmedia":[{"embeddable":true,"href":"https:\/\/wend.ca\/index.php?rest_route=\/wp\/v2\/media\/83662"}],"wp:attachment":[{"href":"https:\/\/wend.ca\/index.php?rest_route=%2Fwp%2Fv2%2Fmedia&parent=83090"}],"wp:term":[{"taxonomy":"category","embeddable":true,"href":"https:\/\/wend.ca\/index.php?rest_route=%2Fwp%2Fv2%2Fcategories&post=83090"},{"taxonomy":"post_tag","embeddable":true,"href":"https:\/\/wend.ca\/index.php?rest_route=%2Fwp%2Fv2%2Ftags&post=83090"}],"curies":[{"name":"wp","href":"https:\/\/api.w.org\/{rel}","templated":true}]}}